{"id":975,"date":"2020-12-04T19:39:53","date_gmt":"2020-12-04T18:39:53","guid":{"rendered":"https:\/\/miteinander-downsyndrom.de\/?p=975"},"modified":"2020-12-04T20:29:55","modified_gmt":"2020-12-04T19:29:55","slug":"unser-neuer-flyer","status":"publish","type":"post","link":"https:\/\/miteinander-downsyndrom.de\/?p=975","title":{"rendered":"Unser neuer Flyer"},"content":{"rendered":"\n<p>Da eine feierliche Pr\u00e4sentation unseres neuen Flyers leider der Pandemie zum Opfer fiel, m\u00f6chten wir euch hier einen kleinen Eindruck von unserer neuen Vereinspr\u00e4sentation geben.<\/p>\n\n\n\n<p>Wer Flyer bestellen m\u00f6chte (dieses Angebot richtet sich besonders an Menschen, die im beruflichen Umfeld mit dem Thema zu tun haben und so Multiplikatoren f\u00fcr (neue) Familien mit Down-Kind sind), kann dies \u00fcber das<a href=\"https:\/\/miteinander-downsyndrom.de\/?page_id=315\"> Kontaktformular<\/a> tun. Bitte geben Sie die Anzahl der gew\u00fcnschten Flyer an.<\/p>\n\n\n\n<figure class=\"wp-block-image\"><img decoding=\"async\" loading=\"lazy\" width=\"1024\" height=\"505\" src=\"https:\/\/miteinander-downsyndrom.de\/wp-content\/uploads\/2020\/12\/Flyer_au\u00dfen-1-1024x505.jpg\" alt=\"\" class=\"wp-image-977\" srcset=\"https:\/\/miteinander-downsyndrom.de\/wp-content\/uploads\/2020\/12\/Flyer_au\u00dfen-1-1024x505.jpg 1024w, https:\/\/miteinander-downsyndrom.de\/wp-content\/uploads\/2020\/12\/Flyer_au\u00dfen-1-300x148.jpg 300w, https:\/\/miteinander-downsyndrom.de\/wp-content\/uploads\/2020\/12\/Flyer_au\u00dfen-1-768x379.jpg 768w, https:\/\/miteinander-downsyndrom.de\/wp-content\/uploads\/2020\/12\/Flyer_au\u00dfen-1.jpg 1914w\" sizes=\"(max-width: 1024px) 100vw, 1024px\" \/><figcaption>Unser neuer Flyer von au\u00dfen&#8230;<\/figcaption><\/figure>\n\n\n\n<figure class=\"wp-block-image\"><img decoding=\"async\" loading=\"lazy\" width=\"1024\" height=\"507\" src=\"https:\/\/miteinander-downsyndrom.de\/wp-content\/uploads\/2020\/12\/Flyer_innen-1024x507.jpg\" alt=\"\" class=\"wp-image-978\" srcset=\"https:\/\/miteinander-downsyndrom.de\/wp-content\/uploads\/2020\/12\/Flyer_innen-1024x507.jpg 1024w, https:\/\/miteinander-downsyndrom.de\/wp-content\/uploads\/2020\/12\/Flyer_innen-300x149.jpg 300w, https:\/\/miteinander-downsyndrom.de\/wp-content\/uploads\/2020\/12\/Flyer_innen-768x381.jpg 768w, https:\/\/miteinander-downsyndrom.de\/wp-content\/uploads\/2020\/12\/Flyer_innen.jpg 1788w\" sizes=\"(max-width: 1024px) 100vw, 1024px\" \/><figcaption>&#8230;und die Innenseite.<\/figcaption><\/figure>\n","protected":false},"excerpt":{"rendered":"<p>Da eine feierliche Pr\u00e4sentation unseres neuen Flyers leider der Pandemie zum Opfer fiel, m\u00f6chten wir euch hier einen kleinen Eindruck von unserer neuen Vereinspr\u00e4sentation geben. Wer Flyer bestellen m\u00f6chte (dieses &hellip;<\/p>\n<p class=\"read-more\"> <a class=\"\" href=\"https:\/\/miteinander-downsyndrom.de\/?p=975\"> <span class=\"screen-reader-text\">Unser neuer Flyer<\/span> Weiterlesen &raquo;<\/a><\/p>\n","protected":false},"author":2,"featured_media":656,"comment_status":"closed","ping_status":"closed","sticky":false,"template":"","format":"standard","meta":[],"categories":[1],"tags":[],"_links":{"self":[{"href":"https:\/\/miteinander-downsyndrom.de\/index.php?rest_route=\/wp\/v2\/posts\/975"}],"collection":[{"href":"https:\/\/miteinander-downsyndrom.de\/index.php?rest_route=\/wp\/v2\/posts"}],"about":[{"href":"https:\/\/miteinander-downsyndrom.de\/index.php?rest_route=\/wp\/v2\/types\/post"}],"author":[{"embeddable":true,"href":"https:\/\/miteinander-downsyndrom.de\/index.php?rest_route=\/wp\/v2\/users\/2"}],"replies":[{"embeddable":true,"href":"https:\/\/miteinander-downsyndrom.de\/index.php?rest_route=%2Fwp%2Fv2%2Fcomments&post=975"}],"version-history":[{"count":2,"href":"https:\/\/miteinander-downsyndrom.de\/index.php?rest_route=\/wp\/v2\/posts\/975\/revisions"}],"predecessor-version":[{"id":981,"href":"https:\/\/miteinander-downsyndrom.de\/index.php?rest_route=\/wp\/v2\/posts\/975\/revisions\/981"}],"wp:featuredmedia":[{"embeddable":true,"href":"https:\/\/miteinander-downsyndrom.de\/index.php?rest_route=\/wp\/v2\/media\/656"}],"wp:attachment":[{"href":"https:\/\/miteinander-downsyndrom.de\/index.php?rest_route=%2Fwp%2Fv2%2Fmedia&parent=975"}],"wp:term":[{"taxonomy":"category","embeddable":true,"href":"https:\/\/miteinander-downsyndrom.de\/index.php?rest_route=%2Fwp%2Fv2%2Fcategories&post=975"},{"taxonomy":"post_tag","embeddable":true,"href":"https:\/\/miteinander-downsyndrom.de\/index.php?rest_route=%2Fwp%2Fv2%2Ftags&post=975"}],"curies":[{"name":"wp","href":"https:\/\/api.w.org\/{rel}","templated":true}]}}