{"id":899,"date":"2020-03-13T14:47:19","date_gmt":"2020-03-13T13:47:19","guid":{"rendered":"https:\/\/miteinander-downsyndrom.de\/?p=899"},"modified":"2020-10-12T11:28:51","modified_gmt":"2020-10-12T09:28:51","slug":"absagen","status":"publish","type":"post","link":"https:\/\/miteinander-downsyndrom.de\/?p=899","title":{"rendered":"ABSAGEN"},"content":{"rendered":"\n<figure class=\"wp-block-image\"><img decoding=\"async\" loading=\"lazy\" width=\"923\" height=\"502\" src=\"https:\/\/miteinander-downsyndrom.de\/wp-content\/uploads\/2020\/02\/D46D79E0-C6D6-41DE-8A91-AA7FD2932606.jpeg\" alt=\"\" class=\"wp-image-888\" srcset=\"https:\/\/miteinander-downsyndrom.de\/wp-content\/uploads\/2020\/02\/D46D79E0-C6D6-41DE-8A91-AA7FD2932606.jpeg 923w, https:\/\/miteinander-downsyndrom.de\/wp-content\/uploads\/2020\/02\/D46D79E0-C6D6-41DE-8A91-AA7FD2932606-300x163.jpeg 300w, https:\/\/miteinander-downsyndrom.de\/wp-content\/uploads\/2020\/02\/D46D79E0-C6D6-41DE-8A91-AA7FD2932606-768x418.jpeg 768w\" sizes=\"(max-width: 923px) 100vw, 923px\" \/><\/figure>\n\n\n\n<p>Aufgrund der aktuellen Infektionslage, den Bewertungen der unterschiedlichen st\u00e4dtischen und landespolitischen Krisenst\u00e4be und den Empfehlungen des RKI werden auch wir unsere Veranstaltungen vorerst ausfallen lassen.<\/p>\n\n\n\n<p>Dies betrifft:<\/p>\n\n\n\n<ul><li>Jahresmitgliederversammlung<\/li><li>Ausstellung Gl\u00fcck kennt keine Behinderung<\/li><li>Aktion zum Welt-Down-Syndrom-Tag<\/li><li>Inklusionstag der Stadt Freiburg (verschoben auf 2021)<\/li><\/ul>\n\n\n\n<p>Bis auf Weiteres entfallen auch unsere regelm\u00e4\u00dfigen Termine:<\/p>\n\n\n\n<p>Bowlen, Spiel &#8211; und Familientreff, Elternstammtisch<\/p>\n\n\n\n<p>Wir bedauern die Lage sehr, m\u00f6chten aber mit dieser Entscheidung die Bem\u00fchungen von Verantwortungstr\u00e4gern in Politik und Gesundheitswesen bestm\u00f6glich unterst\u00fctzen.<\/p>\n\n\n\n<p>Allen betroffenen Familien w\u00fcnschen wir viel Kraft und einen langen Atem f\u00fcr diese Zeit!<\/p>\n","protected":false},"excerpt":{"rendered":"<p>Aufgrund der aktuellen Infektionslage, den Bewertungen der unterschiedlichen st\u00e4dtischen und landespolitischen Krisenst\u00e4be und den Empfehlungen des RKI werden auch wir unsere Veranstaltungen vorerst ausfallen lassen. Dies betrifft: Jahresmitgliederversammlung Ausstellung Gl\u00fcck &hellip;<\/p>\n<p class=\"read-more\"> <a class=\"\" href=\"https:\/\/miteinander-downsyndrom.de\/?p=899\"> <span class=\"screen-reader-text\">ABSAGEN<\/span> Weiterlesen &raquo;<\/a><\/p>\n","protected":false},"author":2,"featured_media":888,"comment_status":"closed","ping_status":"closed","sticky":false,"template":"","format":"standard","meta":[],"categories":[8],"tags":[],"_links":{"self":[{"href":"https:\/\/miteinander-downsyndrom.de\/index.php?rest_route=\/wp\/v2\/posts\/899"}],"collection":[{"href":"https:\/\/miteinander-downsyndrom.de\/index.php?rest_route=\/wp\/v2\/posts"}],"about":[{"href":"https:\/\/miteinander-downsyndrom.de\/index.php?rest_route=\/wp\/v2\/types\/post"}],"author":[{"embeddable":true,"href":"https:\/\/miteinander-downsyndrom.de\/index.php?rest_route=\/wp\/v2\/users\/2"}],"replies":[{"embeddable":true,"href":"https:\/\/miteinander-downsyndrom.de\/index.php?rest_route=%2Fwp%2Fv2%2Fcomments&post=899"}],"version-history":[{"count":5,"href":"https:\/\/miteinander-downsyndrom.de\/index.php?rest_route=\/wp\/v2\/posts\/899\/revisions"}],"predecessor-version":[{"id":953,"href":"https:\/\/miteinander-downsyndrom.de\/index.php?rest_route=\/wp\/v2\/posts\/899\/revisions\/953"}],"wp:featuredmedia":[{"embeddable":true,"href":"https:\/\/miteinander-downsyndrom.de\/index.php?rest_route=\/wp\/v2\/media\/888"}],"wp:attachment":[{"href":"https:\/\/miteinander-downsyndrom.de\/index.php?rest_route=%2Fwp%2Fv2%2Fmedia&parent=899"}],"wp:term":[{"taxonomy":"category","embeddable":true,"href":"https:\/\/miteinander-downsyndrom.de\/index.php?rest_route=%2Fwp%2Fv2%2Fcategories&post=899"},{"taxonomy":"post_tag","embeddable":true,"href":"https:\/\/miteinander-downsyndrom.de\/index.php?rest_route=%2Fwp%2Fv2%2Ftags&post=899"}],"curies":[{"name":"wp","href":"https:\/\/api.w.org\/{rel}","templated":true}]}}