{"id":874,"date":"2020-02-15T18:43:45","date_gmt":"2020-02-15T17:43:45","guid":{"rendered":"https:\/\/miteinander-downsyndrom.de\/?p=874"},"modified":"2020-02-15T18:43:47","modified_gmt":"2020-02-15T17:43:47","slug":"wir-sagen-dem-sc-wyhl-danke","status":"publish","type":"post","link":"https:\/\/miteinander-downsyndrom.de\/?p=874","title":{"rendered":"Wir sagen dem SC Wyhl DANKE"},"content":{"rendered":"\n<p>Der SC Wyhl hat uns Anfang Februar eine Spende in der sagenhaften H\u00f6he von 1.135\u20ac \u00fcberreicht. Daf\u00fcr danken wir herzlich.<\/p>\n\n\n\n<figure class=\"wp-block-image\"><img decoding=\"async\" loading=\"lazy\" width=\"1000\" height=\"667\" src=\"https:\/\/miteinander-downsyndrom.de\/wp-content\/uploads\/2020\/02\/Spende.jpg\" alt=\"\" class=\"wp-image-875\" srcset=\"https:\/\/miteinander-downsyndrom.de\/wp-content\/uploads\/2020\/02\/Spende.jpg 1000w, https:\/\/miteinander-downsyndrom.de\/wp-content\/uploads\/2020\/02\/Spende-300x200.jpg 300w, https:\/\/miteinander-downsyndrom.de\/wp-content\/uploads\/2020\/02\/Spende-768x512.jpg 768w\" sizes=\"(max-width: 1000px) 100vw, 1000px\" \/><figcaption>Spenden\u00fcbergabe durch den Vorstand des SV Wyhl <br>(Simon Ehret und Martina Neugebauer-Renner)<\/figcaption><\/figure>\n\n\n\n<p>Zustande war der hohe Betrag beim ersten Weihnachtssingen am vierten Advent gekommen. Durch Verkauf von Getr\u00e4nken, Speisen und Kerzen und der gro\u00dfen Beteiligung der Bev\u00f6lkerung kam diese Summe zusammen. <\/p>\n\n\n\n<p>1. Vorsitzende Martina Neugebauer-Renner nahm die Spende entgegen und bedankte sich im Namen all unserer Mitglieder. Ein besonderer Dank gilt auch dem Musikverein Wyhl, der das Weihnachtssingen musikalisch unterst\u00fctzte, und der Jugendabteilung f\u00fcr den Waffelverkauf. Der gr\u00f6\u00dfte Dank gilt nat\u00fcrlich den Menschen in und um Wyhl die so eine Veranstaltung erst m\u00f6glich gemacht haben.<\/p>\n\n\n\n<p><\/p>\n","protected":false},"excerpt":{"rendered":"<p>Der SC Wyhl hat uns Anfang Februar eine Spende in der sagenhaften H\u00f6he von 1.135\u20ac \u00fcberreicht. Daf\u00fcr danken wir herzlich. Zustande war der hohe Betrag beim ersten Weihnachtssingen am vierten &hellip;<\/p>\n<p class=\"read-more\"> <a class=\"\" href=\"https:\/\/miteinander-downsyndrom.de\/?p=874\"> <span class=\"screen-reader-text\">Wir sagen dem SC Wyhl DANKE<\/span> Weiterlesen &raquo;<\/a><\/p>\n","protected":false},"author":2,"featured_media":654,"comment_status":"closed","ping_status":"closed","sticky":false,"template":"","format":"standard","meta":[],"categories":[9,1],"tags":[],"_links":{"self":[{"href":"https:\/\/miteinander-downsyndrom.de\/index.php?rest_route=\/wp\/v2\/posts\/874"}],"collection":[{"href":"https:\/\/miteinander-downsyndrom.de\/index.php?rest_route=\/wp\/v2\/posts"}],"about":[{"href":"https:\/\/miteinander-downsyndrom.de\/index.php?rest_route=\/wp\/v2\/types\/post"}],"author":[{"embeddable":true,"href":"https:\/\/miteinander-downsyndrom.de\/index.php?rest_route=\/wp\/v2\/users\/2"}],"replies":[{"embeddable":true,"href":"https:\/\/miteinander-downsyndrom.de\/index.php?rest_route=%2Fwp%2Fv2%2Fcomments&post=874"}],"version-history":[{"count":1,"href":"https:\/\/miteinander-downsyndrom.de\/index.php?rest_route=\/wp\/v2\/posts\/874\/revisions"}],"predecessor-version":[{"id":876,"href":"https:\/\/miteinander-downsyndrom.de\/index.php?rest_route=\/wp\/v2\/posts\/874\/revisions\/876"}],"wp:featuredmedia":[{"embeddable":true,"href":"https:\/\/miteinander-downsyndrom.de\/index.php?rest_route=\/wp\/v2\/media\/654"}],"wp:attachment":[{"href":"https:\/\/miteinander-downsyndrom.de\/index.php?rest_route=%2Fwp%2Fv2%2Fmedia&parent=874"}],"wp:term":[{"taxonomy":"category","embeddable":true,"href":"https:\/\/miteinander-downsyndrom.de\/index.php?rest_route=%2Fwp%2Fv2%2Fcategories&post=874"},{"taxonomy":"post_tag","embeddable":true,"href":"https:\/\/miteinander-downsyndrom.de\/index.php?rest_route=%2Fwp%2Fv2%2Ftags&post=874"}],"curies":[{"name":"wp","href":"https:\/\/api.w.org\/{rel}","templated":true}]}}