{"id":782,"date":"2019-12-10T21:44:52","date_gmt":"2019-12-10T20:44:52","guid":{"rendered":"https:\/\/miteinander-downsyndrom.de\/?p=782"},"modified":"2019-12-10T21:44:55","modified_gmt":"2019-12-10T20:44:55","slug":"wir-sagen-danke","status":"publish","type":"post","link":"https:\/\/miteinander-downsyndrom.de\/?p=782","title":{"rendered":"Wir sagen: DANKE"},"content":{"rendered":"\n<p>Der Verein KRA-Kiddy e.V. hat seinem Namen wieder alle Ehre gemacht: Kr\u00e4ftig anpacken f\u00fcr Kids! Unter diesem Motto stand auch diesmal wieder der von KRA-Kiddy organisierte Kleidermarkt in Wyhl am Kaiserstuhl. Und diesmal durften wir uns \u00fcber den Erl\u00f6s freuen. An unserer Nikolausfeier hat der Vorstand von KRA-Kiddy uns die gro\u00dfz\u00fcgige Spende von 400\u20ac \u00fcbergeben.<\/p>\n\n\n\n<p>HERZLICHEN DANK!<\/p>\n\n\n\n<figure class=\"wp-block-image\"><img decoding=\"async\" loading=\"lazy\" width=\"1024\" height=\"768\" src=\"https:\/\/miteinander-downsyndrom.de\/wp-content\/uploads\/2019\/12\/IMG_0894-1024x768.jpeg\" alt=\"\" class=\"wp-image-783\" srcset=\"https:\/\/miteinander-downsyndrom.de\/wp-content\/uploads\/2019\/12\/IMG_0894-1024x768.jpeg 1024w, https:\/\/miteinander-downsyndrom.de\/wp-content\/uploads\/2019\/12\/IMG_0894-300x225.jpeg 300w, https:\/\/miteinander-downsyndrom.de\/wp-content\/uploads\/2019\/12\/IMG_0894-768x576.jpeg 768w\" sizes=\"(max-width: 1024px) 100vw, 1024px\" \/><figcaption>KRA-Kiddy e.V. \u00fcbergibt die Spende an unsere 2. Vorsitzende Steffi Bachem<\/figcaption><\/figure>\n\n\n\n<figure class=\"wp-block-image\"><img decoding=\"async\" loading=\"lazy\" width=\"1024\" height=\"768\" src=\"https:\/\/miteinander-downsyndrom.de\/wp-content\/uploads\/2019\/12\/IMG_0891-1024x768.jpeg\" alt=\"\" class=\"wp-image-784\" srcset=\"https:\/\/miteinander-downsyndrom.de\/wp-content\/uploads\/2019\/12\/IMG_0891-1024x768.jpeg 1024w, https:\/\/miteinander-downsyndrom.de\/wp-content\/uploads\/2019\/12\/IMG_0891-300x225.jpeg 300w, https:\/\/miteinander-downsyndrom.de\/wp-content\/uploads\/2019\/12\/IMG_0891-768x576.jpeg 768w\" sizes=\"(max-width: 1024px) 100vw, 1024px\" \/><figcaption>Gl\u00fcckliche Gesichter!<\/figcaption><\/figure>\n","protected":false},"excerpt":{"rendered":"<p>Der Verein KRA-Kiddy e.V. hat seinem Namen wieder alle Ehre gemacht: Kr\u00e4ftig anpacken f\u00fcr Kids! Unter diesem Motto stand auch diesmal wieder der von KRA-Kiddy organisierte Kleidermarkt in Wyhl am &hellip;<\/p>\n<p class=\"read-more\"> <a class=\"\" href=\"https:\/\/miteinander-downsyndrom.de\/?p=782\"> <span class=\"screen-reader-text\">Wir sagen: DANKE<\/span> Weiterlesen &raquo;<\/a><\/p>\n","protected":false},"author":2,"featured_media":650,"comment_status":"closed","ping_status":"closed","sticky":false,"template":"","format":"standard","meta":[],"categories":[8,9],"tags":[],"_links":{"self":[{"href":"https:\/\/miteinander-downsyndrom.de\/index.php?rest_route=\/wp\/v2\/posts\/782"}],"collection":[{"href":"https:\/\/miteinander-downsyndrom.de\/index.php?rest_route=\/wp\/v2\/posts"}],"about":[{"href":"https:\/\/miteinander-downsyndrom.de\/index.php?rest_route=\/wp\/v2\/types\/post"}],"author":[{"embeddable":true,"href":"https:\/\/miteinander-downsyndrom.de\/index.php?rest_route=\/wp\/v2\/users\/2"}],"replies":[{"embeddable":true,"href":"https:\/\/miteinander-downsyndrom.de\/index.php?rest_route=%2Fwp%2Fv2%2Fcomments&post=782"}],"version-history":[{"count":1,"href":"https:\/\/miteinander-downsyndrom.de\/index.php?rest_route=\/wp\/v2\/posts\/782\/revisions"}],"predecessor-version":[{"id":785,"href":"https:\/\/miteinander-downsyndrom.de\/index.php?rest_route=\/wp\/v2\/posts\/782\/revisions\/785"}],"wp:featuredmedia":[{"embeddable":true,"href":"https:\/\/miteinander-downsyndrom.de\/index.php?rest_route=\/wp\/v2\/media\/650"}],"wp:attachment":[{"href":"https:\/\/miteinander-downsyndrom.de\/index.php?rest_route=%2Fwp%2Fv2%2Fmedia&parent=782"}],"wp:term":[{"taxonomy":"category","embeddable":true,"href":"https:\/\/miteinander-downsyndrom.de\/index.php?rest_route=%2Fwp%2Fv2%2Fcategories&post=782"},{"taxonomy":"post_tag","embeddable":true,"href":"https:\/\/miteinander-downsyndrom.de\/index.php?rest_route=%2Fwp%2Fv2%2Ftags&post=782"}],"curies":[{"name":"wp","href":"https:\/\/api.w.org\/{rel}","templated":true}]}}