{"id":1025,"date":"2021-03-18T09:03:12","date_gmt":"2021-03-18T08:03:12","guid":{"rendered":"https:\/\/miteinander-downsyndrom.de\/?p=1025"},"modified":"2021-03-18T09:07:16","modified_gmt":"2021-03-18T08:07:16","slug":"danke-an-hekatron","status":"publish","type":"post","link":"https:\/\/miteinander-downsyndrom.de\/?p=1025","title":{"rendered":"Danke an Hekatron"},"content":{"rendered":"\n<figure class=\"wp-block-image size-large is-resized is-style-default\"><img decoding=\"async\" loading=\"lazy\" src=\"https:\/\/miteinander-downsyndrom.de\/wp-content\/uploads\/2021\/03\/Hekatron-Unternehmen-Logo-RGB-1024x397.jpg\" alt=\"\" class=\"wp-image-1026\" width=\"580\" height=\"224\" srcset=\"https:\/\/miteinander-downsyndrom.de\/wp-content\/uploads\/2021\/03\/Hekatron-Unternehmen-Logo-RGB-1024x397.jpg 1024w, https:\/\/miteinander-downsyndrom.de\/wp-content\/uploads\/2021\/03\/Hekatron-Unternehmen-Logo-RGB-300x116.jpg 300w, https:\/\/miteinander-downsyndrom.de\/wp-content\/uploads\/2021\/03\/Hekatron-Unternehmen-Logo-RGB-768x298.jpg 768w, https:\/\/miteinander-downsyndrom.de\/wp-content\/uploads\/2021\/03\/Hekatron-Unternehmen-Logo-RGB.jpg 1181w\" sizes=\"(max-width: 580px) 100vw, 580px\" \/><\/figure>\n\n\n\n<p>Bei der Spendentombola, die der Brandschutzspezialist aus Sulzburg unter seinen Mitarbeitenden veranstaltet hat, wurde unserem Verein eine Spende von 450 \u20ac \u00fcbergeben.<\/p>\n\n\n\n<p>Jan Seifried hatte sich als Vereinsmitglied um eine Spende bem\u00fcht und hatte prompt Gl\u00fcck. Danke f\u00fcr die Bewerbung.<\/p>\n\n\n\n<p>Und nat\u00fcrlich danken wir Hekatron herzlich f\u00fcr die Spende!<\/p>\n\n\n\n<figure class=\"wp-block-image size-large is-style-rounded\"><img decoding=\"async\" loading=\"lazy\" width=\"768\" height=\"1024\" src=\"https:\/\/miteinander-downsyndrom.de\/wp-content\/uploads\/2021\/03\/21-03-02-17-46-58-7425-768x1024.jpg\" alt=\"\" class=\"wp-image-1027\" srcset=\"https:\/\/miteinander-downsyndrom.de\/wp-content\/uploads\/2021\/03\/21-03-02-17-46-58-7425-768x1024.jpg 768w, https:\/\/miteinander-downsyndrom.de\/wp-content\/uploads\/2021\/03\/21-03-02-17-46-58-7425-225x300.jpg 225w, https:\/\/miteinander-downsyndrom.de\/wp-content\/uploads\/2021\/03\/21-03-02-17-46-58-7425.jpg 1000w\" sizes=\"(max-width: 768px) 100vw, 768px\" \/><figcaption>Jan Seifried mit Tochter Alma<\/figcaption><\/figure>\n","protected":false},"excerpt":{"rendered":"<p>Bei der Spendentombola, die der Brandschutzspezialist aus Sulzburg unter seinen Mitarbeitenden veranstaltet hat, wurde unserem Verein eine Spende von 450 \u20ac \u00fcbergeben. Jan Seifried hatte sich als Vereinsmitglied um eine &hellip;<\/p>\n<p class=\"read-more\"> <a class=\"\" href=\"https:\/\/miteinander-downsyndrom.de\/?p=1025\"> <span class=\"screen-reader-text\">Danke an Hekatron<\/span> Weiterlesen &raquo;<\/a><\/p>\n","protected":false},"author":2,"featured_media":654,"comment_status":"closed","ping_status":"closed","sticky":false,"template":"","format":"standard","meta":[],"categories":[8],"tags":[],"_links":{"self":[{"href":"https:\/\/miteinander-downsyndrom.de\/index.php?rest_route=\/wp\/v2\/posts\/1025"}],"collection":[{"href":"https:\/\/miteinander-downsyndrom.de\/index.php?rest_route=\/wp\/v2\/posts"}],"about":[{"href":"https:\/\/miteinander-downsyndrom.de\/index.php?rest_route=\/wp\/v2\/types\/post"}],"author":[{"embeddable":true,"href":"https:\/\/miteinander-downsyndrom.de\/index.php?rest_route=\/wp\/v2\/users\/2"}],"replies":[{"embeddable":true,"href":"https:\/\/miteinander-downsyndrom.de\/index.php?rest_route=%2Fwp%2Fv2%2Fcomments&post=1025"}],"version-history":[{"count":2,"href":"https:\/\/miteinander-downsyndrom.de\/index.php?rest_route=\/wp\/v2\/posts\/1025\/revisions"}],"predecessor-version":[{"id":1030,"href":"https:\/\/miteinander-downsyndrom.de\/index.php?rest_route=\/wp\/v2\/posts\/1025\/revisions\/1030"}],"wp:featuredmedia":[{"embeddable":true,"href":"https:\/\/miteinander-downsyndrom.de\/index.php?rest_route=\/wp\/v2\/media\/654"}],"wp:attachment":[{"href":"https:\/\/miteinander-downsyndrom.de\/index.php?rest_route=%2Fwp%2Fv2%2Fmedia&parent=1025"}],"wp:term":[{"taxonomy":"category","embeddable":true,"href":"https:\/\/miteinander-downsyndrom.de\/index.php?rest_route=%2Fwp%2Fv2%2Fcategories&post=1025"},{"taxonomy":"post_tag","embeddable":true,"href":"https:\/\/miteinander-downsyndrom.de\/index.php?rest_route=%2Fwp%2Fv2%2Ftags&post=1025"}],"curies":[{"name":"wp","href":"https:\/\/api.w.org\/{rel}","templated":true}]}}