{"id":1008,"date":"2021-03-16T12:07:38","date_gmt":"2021-03-16T11:07:38","guid":{"rendered":"https:\/\/miteinander-downsyndrom.de\/?p=1008"},"modified":"2021-03-21T21:02:55","modified_gmt":"2021-03-21T20:02:55","slug":"welt-down-syndrom-tag-21-03-2021","status":"publish","type":"post","link":"https:\/\/miteinander-downsyndrom.de\/?p=1008","title":{"rendered":"Welt-Down-Syndrom-Tag: 21.03.2021"},"content":{"rendered":"\n<div class=\"wp-block-image\"><figure class=\"aligncenter size-large is-resized\"><img decoding=\"async\" loading=\"lazy\" src=\"https:\/\/miteinander-downsyndrom.de\/wp-content\/uploads\/2021\/03\/PHOTO-2021-03-16-11-36-58-724x1024.jpg\" alt=\"\" class=\"wp-image-1009\" width=\"300\" height=\"425\" srcset=\"https:\/\/miteinander-downsyndrom.de\/wp-content\/uploads\/2021\/03\/PHOTO-2021-03-16-11-36-58-724x1024.jpg 724w, https:\/\/miteinander-downsyndrom.de\/wp-content\/uploads\/2021\/03\/PHOTO-2021-03-16-11-36-58-212x300.jpg 212w, https:\/\/miteinander-downsyndrom.de\/wp-content\/uploads\/2021\/03\/PHOTO-2021-03-16-11-36-58-768x1086.jpg 768w, https:\/\/miteinander-downsyndrom.de\/wp-content\/uploads\/2021\/03\/PHOTO-2021-03-16-11-36-58-1086x1536.jpg 1086w, https:\/\/miteinander-downsyndrom.de\/wp-content\/uploads\/2021\/03\/PHOTO-2021-03-16-11-36-58.jpg 1131w\" sizes=\"(max-width: 300px) 100vw, 300px\" \/><figcaption>Die bezaubernde Felicia<\/figcaption><\/figure><\/div>\n\n\n\n<p>Pandemie bedingt ist eine gr\u00f6\u00dfere Aktion zum Welt-Down-Syndrom-Tag 2021 leider nicht m\u00f6glich! Wir m\u00f6chten euch aber hier an die bunte Vielfalt der Menschen erinnern, die in unserer Gesellschaft wichtig und richtig ist!<\/p>\n\n\n\n<p>Zeigt am 21.3. mit bunten Socken, dass auch ihr auf bunt steht! Gerne k\u00f6nnt ihr uns ein Foto schicken (<a rel=\"noreferrer noopener\" href=\"mailto:info@miteinander-downsyndrom.de\" target=\"_blank\">info@miteinander-downsyndrom.de<\/a>), das unsere Collage hier noch erg\u00e4nzt!<\/p>\n\n\n\n<p>LOTS OF SOCKS<\/p>\n\n\n\n<div class=\"wp-block-image\"><figure class=\"alignleft size-large is-resized\"><img decoding=\"async\" loading=\"lazy\" src=\"https:\/\/miteinander-downsyndrom.de\/wp-content\/uploads\/2021\/03\/PHOTO-2021-03-13-14-44-46-941x1024.jpg\" alt=\"\" class=\"wp-image-1012\" width=\"336\" height=\"365\" srcset=\"https:\/\/miteinander-downsyndrom.de\/wp-content\/uploads\/2021\/03\/PHOTO-2021-03-13-14-44-46-941x1024.jpg 941w, https:\/\/miteinander-downsyndrom.de\/wp-content\/uploads\/2021\/03\/PHOTO-2021-03-13-14-44-46-276x300.jpg 276w, https:\/\/miteinander-downsyndrom.de\/wp-content\/uploads\/2021\/03\/PHOTO-2021-03-13-14-44-46-768x836.jpg 768w, https:\/\/miteinander-downsyndrom.de\/wp-content\/uploads\/2021\/03\/PHOTO-2021-03-13-14-44-46-1411x1536.jpg 1411w, https:\/\/miteinander-downsyndrom.de\/wp-content\/uploads\/2021\/03\/PHOTO-2021-03-13-14-44-46.jpg 1470w\" sizes=\"(max-width: 336px) 100vw, 336px\" \/><figcaption>Alex mit seinem Papa Franz und den F\u00fc\u00dfen von Mama Steffi<\/figcaption><\/figure><\/div>\n\n\n\n<div class=\"wp-block-image\"><figure class=\"alignleft size-large is-resized\"><img decoding=\"async\" loading=\"lazy\" src=\"https:\/\/miteinander-downsyndrom.de\/wp-content\/uploads\/2021\/03\/PHOTO-2021-03-13-14-44-06-768x1024.jpg\" alt=\"\" class=\"wp-image-1013\" width=\"212\" height=\"283\" srcset=\"https:\/\/miteinander-downsyndrom.de\/wp-content\/uploads\/2021\/03\/PHOTO-2021-03-13-14-44-06-768x1024.jpg 768w, https:\/\/miteinander-downsyndrom.de\/wp-content\/uploads\/2021\/03\/PHOTO-2021-03-13-14-44-06-225x300.jpg 225w, https:\/\/miteinander-downsyndrom.de\/wp-content\/uploads\/2021\/03\/PHOTO-2021-03-13-14-44-06-1152x1536.jpg 1152w, https:\/\/miteinander-downsyndrom.de\/wp-content\/uploads\/2021\/03\/PHOTO-2021-03-13-14-44-06.jpg 1200w\" sizes=\"(max-width: 212px) 100vw, 212px\" \/><figcaption>Bunt, bunter am buntesten<\/figcaption><\/figure><\/div>\n\n\n\n<div class=\"wp-block-image\"><figure class=\"alignleft size-large is-resized\"><img decoding=\"async\" loading=\"lazy\" src=\"https:\/\/miteinander-downsyndrom.de\/wp-content\/uploads\/2021\/03\/20210221_185024-737x1024.jpg\" alt=\"\" class=\"wp-image-1032\" width=\"287\" height=\"398\" srcset=\"https:\/\/miteinander-downsyndrom.de\/wp-content\/uploads\/2021\/03\/20210221_185024-737x1024.jpg 737w, https:\/\/miteinander-downsyndrom.de\/wp-content\/uploads\/2021\/03\/20210221_185024-216x300.jpg 216w, https:\/\/miteinander-downsyndrom.de\/wp-content\/uploads\/2021\/03\/20210221_185024-768x1067.jpg 768w, https:\/\/miteinander-downsyndrom.de\/wp-content\/uploads\/2021\/03\/20210221_185024.jpg 1080w\" sizes=\"(max-width: 287px) 100vw, 287px\" \/><figcaption>Stolzes Schulkind: Franka<\/figcaption><\/figure><\/div>\n\n\n\n<p><\/p>\n\n\n\n<figure class=\"wp-block-image size-large is-resized\"><img decoding=\"async\" loading=\"lazy\" src=\"https:\/\/miteinander-downsyndrom.de\/wp-content\/uploads\/2021\/03\/20210321_083318-1-1024x668.jpg\" alt=\"\" class=\"wp-image-1033\" width=\"253\" height=\"165\" srcset=\"https:\/\/miteinander-downsyndrom.de\/wp-content\/uploads\/2021\/03\/20210321_083318-1-1024x668.jpg 1024w, https:\/\/miteinander-downsyndrom.de\/wp-content\/uploads\/2021\/03\/20210321_083318-1-300x196.jpg 300w, https:\/\/miteinander-downsyndrom.de\/wp-content\/uploads\/2021\/03\/20210321_083318-1-768x501.jpg 768w, https:\/\/miteinander-downsyndrom.de\/wp-content\/uploads\/2021\/03\/20210321_083318-1-1536x1002.jpg 1536w, https:\/\/miteinander-downsyndrom.de\/wp-content\/uploads\/2021\/03\/20210321_083318-1-2048x1336.jpg 2048w\" sizes=\"(max-width: 253px) 100vw, 253px\" \/><figcaption>Familie Dethaloff<\/figcaption><\/figure>\n\n\n\n<div class=\"wp-block-image\"><figure class=\"alignleft size-large is-resized\"><img decoding=\"async\" loading=\"lazy\" src=\"https:\/\/miteinander-downsyndrom.de\/wp-content\/uploads\/2021\/03\/IMG_5991-768x1024.jpeg\" alt=\"\" class=\"wp-image-1034\" width=\"224\" height=\"299\" srcset=\"https:\/\/miteinander-downsyndrom.de\/wp-content\/uploads\/2021\/03\/IMG_5991-768x1024.jpeg 768w, https:\/\/miteinander-downsyndrom.de\/wp-content\/uploads\/2021\/03\/IMG_5991-225x300.jpeg 225w, https:\/\/miteinander-downsyndrom.de\/wp-content\/uploads\/2021\/03\/IMG_5991-1152x1536.jpeg 1152w, https:\/\/miteinander-downsyndrom.de\/wp-content\/uploads\/2021\/03\/IMG_5991.jpeg 1200w\" sizes=\"(max-width: 224px) 100vw, 224px\" \/><figcaption>Die Renners<\/figcaption><\/figure><\/div>\n\n\n\n<div class=\"wp-block-image\"><figure class=\"alignleft size-large is-resized\"><img decoding=\"async\" loading=\"lazy\" src=\"https:\/\/miteinander-downsyndrom.de\/wp-content\/uploads\/2021\/03\/20210321_093651_030_saved.jpg\" alt=\"\" class=\"wp-image-1038\" width=\"250\" height=\"188\" srcset=\"https:\/\/miteinander-downsyndrom.de\/wp-content\/uploads\/2021\/03\/20210321_093651_030_saved.jpg 500w, https:\/\/miteinander-downsyndrom.de\/wp-content\/uploads\/2021\/03\/20210321_093651_030_saved-300x225.jpg 300w\" sizes=\"(max-width: 250px) 100vw, 250px\" \/><figcaption>Familie Schneider<\/figcaption><\/figure><\/div>\n\n\n\n<div class=\"wp-block-image\"><figure class=\"alignright size-large is-resized\"><img decoding=\"async\" loading=\"lazy\" src=\"https:\/\/miteinander-downsyndrom.de\/wp-content\/uploads\/2021\/03\/IMG_1173-751x1024.jpg\" alt=\"\" class=\"wp-image-1040\" width=\"268\" height=\"364\" srcset=\"https:\/\/miteinander-downsyndrom.de\/wp-content\/uploads\/2021\/03\/IMG_1173-751x1024.jpg 751w, https:\/\/miteinander-downsyndrom.de\/wp-content\/uploads\/2021\/03\/IMG_1173-220x300.jpg 220w, https:\/\/miteinander-downsyndrom.de\/wp-content\/uploads\/2021\/03\/IMG_1173-768x1047.jpg 768w, https:\/\/miteinander-downsyndrom.de\/wp-content\/uploads\/2021\/03\/IMG_1173-1127x1536.jpg 1127w, https:\/\/miteinander-downsyndrom.de\/wp-content\/uploads\/2021\/03\/IMG_1173.jpg 1396w\" sizes=\"(max-width: 268px) 100vw, 268px\" \/><figcaption>Oma und Opa von Edith<\/figcaption><\/figure><\/div>\n\n\n\n<p><\/p>\n","protected":false},"excerpt":{"rendered":"<p>Pandemie bedingt ist eine gr\u00f6\u00dfere Aktion zum Welt-Down-Syndrom-Tag 2021 leider nicht m\u00f6glich! Wir m\u00f6chten euch aber hier an die bunte Vielfalt der Menschen erinnern, die in unserer Gesellschaft wichtig und &hellip;<\/p>\n<p class=\"read-more\"> <a class=\"\" href=\"https:\/\/miteinander-downsyndrom.de\/?p=1008\"> <span class=\"screen-reader-text\">Welt-Down-Syndrom-Tag: 21.03.2021<\/span> Weiterlesen &raquo;<\/a><\/p>\n","protected":false},"author":2,"featured_media":1013,"comment_status":"closed","ping_status":"closed","sticky":true,"template":"","format":"standard","meta":[],"categories":[8],"tags":[],"_links":{"self":[{"href":"https:\/\/miteinander-downsyndrom.de\/index.php?rest_route=\/wp\/v2\/posts\/1008"}],"collection":[{"href":"https:\/\/miteinander-downsyndrom.de\/index.php?rest_route=\/wp\/v2\/posts"}],"about":[{"href":"https:\/\/miteinander-downsyndrom.de\/index.php?rest_route=\/wp\/v2\/types\/post"}],"author":[{"embeddable":true,"href":"https:\/\/miteinander-downsyndrom.de\/index.php?rest_route=\/wp\/v2\/users\/2"}],"replies":[{"embeddable":true,"href":"https:\/\/miteinander-downsyndrom.de\/index.php?rest_route=%2Fwp%2Fv2%2Fcomments&post=1008"}],"version-history":[{"count":9,"href":"https:\/\/miteinander-downsyndrom.de\/index.php?rest_route=\/wp\/v2\/posts\/1008\/revisions"}],"predecessor-version":[{"id":1042,"href":"https:\/\/miteinander-downsyndrom.de\/index.php?rest_route=\/wp\/v2\/posts\/1008\/revisions\/1042"}],"wp:featuredmedia":[{"embeddable":true,"href":"https:\/\/miteinander-downsyndrom.de\/index.php?rest_route=\/wp\/v2\/media\/1013"}],"wp:attachment":[{"href":"https:\/\/miteinander-downsyndrom.de\/index.php?rest_route=%2Fwp%2Fv2%2Fmedia&parent=1008"}],"wp:term":[{"taxonomy":"category","embeddable":true,"href":"https:\/\/miteinander-downsyndrom.de\/index.php?rest_route=%2Fwp%2Fv2%2Fcategories&post=1008"},{"taxonomy":"post_tag","embeddable":true,"href":"https:\/\/miteinander-downsyndrom.de\/index.php?rest_route=%2Fwp%2Fv2%2Ftags&post=1008"}],"curies":[{"name":"wp","href":"https:\/\/api.w.org\/{rel}","templated":true}]}}