{"id":1,"date":"2019-09-06T06:09:07","date_gmt":"2019-09-06T04:09:07","guid":{"rendered":"https:\/\/miteinander-downsyndrom.de\/?p=1"},"modified":"2019-11-12T11:11:23","modified_gmt":"2019-11-12T10:11:23","slug":"hello-world","status":"publish","type":"post","link":"https:\/\/miteinander-downsyndrom.de\/?p=1","title":{"rendered":"Neuer Miteinander-Vorstand"},"content":{"rendered":"\n<p>Wir m\u00f6chten uns bei euch kurz vorstellen:<\/p>\n\n\n\n<div class=\"wp-block-image\"><figure class=\"aligncenter is-resized\"><img decoding=\"async\" loading=\"lazy\" src=\"https:\/\/miteinander-downsyndrom.de\/wp-content\/uploads\/2019\/10\/190215_Vorstand.png\" alt=\"\" class=\"wp-image-447\" width=\"555\" height=\"317\"\/><\/figure><\/div>\n\n\n\n<p><br><\/p>\n\n\n\n<ul><li><strong>1. Vorsitzende: Martina Neugebauer-Renner<\/strong><br>Ich bin 36 Jahre alt. Mit meinem Mann Tobias und unseren zwei T\u00f6chtern Edith (5, DS) und Lydia (2) wohne ich in Freiburg Weingarten. Beruflich bin ich zur Zeit als Klinikseelsorgerin an der Uni-Kinderklinik t\u00e4tig.<\/li><li><strong>2. Vorsitzende: Steffi Bachem<\/strong><br>Ich bin 49 Jahre alt. Beruflich arbeite ich als Biologin seit fast 20 Jahren im Au\u00dfendienst. Daheim bin ich mit meiner Familie in Bahlingen am Kaiserstuhl, wo unser 10-j\u00e4hriger Sohn Alex und unser Kater Simba meinen Mann und mich fest im Griff haben.<\/li><li><strong>Beisitzerin: Lena Wagner<\/strong><br>Ich bin 33 Jahre und lebe mit meinem Mann und unseren 3 Kindern (Luisa 10 DS, Max 8 und Anni 6 Jahre) in Freiburg Tiengen. Ich studiere zur Zeit an der Universit\u00e4t Freiburg Non-Profit und New-Public-Management. Meine Hobbys sind, neben dem Gitarrenspielen, Rundtouren mit meinem alten VW- Bus zu unternehmen um die besten &#8222;Aussichts-Caf\u00e9-(Spiel-)Pl\u00e4tze&#8220; in unserer wundersch\u00f6nen Umgebung zu erkunden.<\/li><li><strong>Beisitzerin: Simone Elsner<\/strong><br>Ich bin 46 Jahre alt und wohne mit meinem Mann Tobias und unseren beiden T\u00f6chtern Paula (8 Jahre) und Mira (4 Jahre, DS) im Stadtteil Waldsee in Freiburg. Beruflich bin ich als Diplom-P\u00e4dagogin seit vielen Jahren beim Bildungstr\u00e4ger BBQ in vielen Projekten t\u00e4tig, bei denen es um Beruflichen Einstieg, Umstieg oder Orientierung geht. In der Freizeit bin ich gerne in der Natur unterwegs &#8211; Radfahren oder Wandern oder im eigenen Garten werkeln.<\/li><li><strong>Kasse: Helga Habersetzer<\/strong><br>Ich bin Steuerberaterin und lebe mit meinem Sohn Emil Niklas in Umkirch. Er ist seit 2017 inklusiv eingeschult und hat sehr viel Spa\u00df am Lernen.<\/li><\/ul>\n","protected":false},"excerpt":{"rendered":"<p>Wir m\u00f6chten uns bei euch kurz vorstellen: 1. Vorsitzende: Martina Neugebauer-RennerIch bin 36 Jahre alt. Mit meinem Mann Tobias und unseren zwei T\u00f6chtern Edith (5, DS) und Lydia (2) wohne &hellip;<\/p>\n<p class=\"read-more\"> <a class=\"\" href=\"https:\/\/miteinander-downsyndrom.de\/?p=1\"> <span class=\"screen-reader-text\">Neuer Miteinander-Vorstand<\/span> Weiterlesen &raquo;<\/a><\/p>\n","protected":false},"author":1,"featured_media":634,"comment_status":"closed","ping_status":"closed","sticky":false,"template":"","format":"standard","meta":[],"categories":[8,1],"tags":[],"_links":{"self":[{"href":"https:\/\/miteinander-downsyndrom.de\/index.php?rest_route=\/wp\/v2\/posts\/1"}],"collection":[{"href":"https:\/\/miteinander-downsyndrom.de\/index.php?rest_route=\/wp\/v2\/posts"}],"about":[{"href":"https:\/\/miteinander-downsyndrom.de\/index.php?rest_route=\/wp\/v2\/types\/post"}],"author":[{"embeddable":true,"href":"https:\/\/miteinander-downsyndrom.de\/index.php?rest_route=\/wp\/v2\/users\/1"}],"replies":[{"embeddable":true,"href":"https:\/\/miteinander-downsyndrom.de\/index.php?rest_route=%2Fwp%2Fv2%2Fcomments&post=1"}],"version-history":[{"count":17,"href":"https:\/\/miteinander-downsyndrom.de\/index.php?rest_route=\/wp\/v2\/posts\/1\/revisions"}],"predecessor-version":[{"id":745,"href":"https:\/\/miteinander-downsyndrom.de\/index.php?rest_route=\/wp\/v2\/posts\/1\/revisions\/745"}],"wp:featuredmedia":[{"embeddable":true,"href":"https:\/\/miteinander-downsyndrom.de\/index.php?rest_route=\/wp\/v2\/media\/634"}],"wp:attachment":[{"href":"https:\/\/miteinander-downsyndrom.de\/index.php?rest_route=%2Fwp%2Fv2%2Fmedia&parent=1"}],"wp:term":[{"taxonomy":"category","embeddable":true,"href":"https:\/\/miteinander-downsyndrom.de\/index.php?rest_route=%2Fwp%2Fv2%2Fcategories&post=1"},{"taxonomy":"post_tag","embeddable":true,"href":"https:\/\/miteinander-downsyndrom.de\/index.php?rest_route=%2Fwp%2Fv2%2Ftags&post=1"}],"curies":[{"name":"wp","href":"https:\/\/api.w.org\/{rel}","templated":true}]}}