{"id":1434,"global_id":"miteinander-downsyndrom.de?id=1434","global_id_lineage":["miteinander-downsyndrom.de?id=1434"],"author":"2","status":"publish","date":"2025-02-14 11:29:49","date_utc":"2025-02-14 10:29:49","modified":"2025-02-14 11:29:49","modified_utc":"2025-02-14 10:29:49","url":"https:\/\/miteinander-downsyndrom.de\/?tribe_events=tag-der-inklusion","rest_url":"https:\/\/miteinander-downsyndrom.de\/index.php?rest_route=\/tribe\/events\/v1\/events\/1434","title":"Tag der Inklusion","description":"<p><strong>Inklusion ist Teil der L\u00f6sung!<\/strong><br \/>\nLaut werden gegen Diskriminierung, soziale Spaltung und Ausgrenzung &#8211; f\u00fcr Solidarit\u00e4t und Teilhabe.<\/p>\n<p>Am 10. Mai findet auf dem Platz der Alten Synagoge der Tag der Inklusion der Stadt Freiburg statt. Viele Akteur*innen stellen sich und ihre Initiativen vor.<\/p>\n<p>Auch wir sind wieder mit einem Stand dabei und zeigen:<\/p>\n<p>Das Leben ist sch\u00f6n, weil es bunt ist!<\/p>","excerpt":"","slug":"tag-der-inklusion","image":false,"all_day":true,"start_date":"2025-05-10 06:00:00","start_date_details":{"year":"2025","month":"05","day":"10","hour":"06","minutes":"00","seconds":"00"},"end_date":"2025-05-11 05:59:59","end_date_details":{"year":"2025","month":"05","day":"11","hour":"05","minutes":"59","seconds":"59"},"utc_start_date":"2025-05-10 04:00:00","utc_start_date_details":{"year":"2025","month":"05","day":"10","hour":"04","minutes":"00","seconds":"00"},"utc_end_date":"2025-05-11 03:59:59","utc_end_date_details":{"year":"2025","month":"05","day":"11","hour":"03","minutes":"59","seconds":"59"},"timezone":"Europe\/Berlin","timezone_abbr":"CEST","cost":"","cost_details":{"currency_symbol":"","currency_code":"","currency_position":"prefix","values":[]},"website":"","show_map":false,"show_map_link":true,"hide_from_listings":false,"sticky":false,"featured":false,"categories":[],"tags":[],"venue":{"id":1301,"author":"2","status":"publish","date":"2023-03-18 11:34:15","date_utc":"2023-03-18 10:34:15","modified":"2023-03-18 11:34:15","modified_utc":"2023-03-18 10:34:15","url":"https:\/\/miteinander-downsyndrom.de\/?tribe_venue=platz-der-alten-synagoge","venue":"Platz der Alten Synagoge","slug":"platz-der-alten-synagoge","city":"Freiburg","json_ld":{"@type":"Place","name":"Platz der Alten Synagoge","description":"","url":"","address":{"@type":"PostalAddress","addressLocality":"Freiburg"},"telephone":"","sameAs":""},"show_map":true,"show_map_link":true,"global_id":"miteinander-downsyndrom.de?id=1301","global_id_lineage":["miteinander-downsyndrom.de?id=1301"]},"organizer":[],"json_ld":{"@context":"http:\/\/schema.org","@type":"Event","name":"Tag der Inklusion","description":"&lt;p&gt;Inklusion ist Teil der L\u00f6sung! Laut werden gegen Diskriminierung, soziale Spaltung und Ausgrenzung - f\u00fcr Solidarit\u00e4t und Teilhabe. Am 10. Mai findet auf dem Platz der Alten Synagoge der Tag &hellip;&lt;\/p&gt;\\n&lt;p class=&quot;read-more&quot;&gt; &lt;a class=&quot;&quot; href=&quot;https:\/\/miteinander-downsyndrom.de\/?tribe_events=tag-der-inklusion&quot;&gt; &lt;span class=&quot;screen-reader-text&quot;&gt;Tag der Inklusion&lt;\/span&gt; Weiterlesen &raquo;&lt;\/a&gt;&lt;\/p&gt;\\n","url":"https:\/\/miteinander-downsyndrom.de\/?tribe_events=tag-der-inklusion","eventAttendanceMode":"https:\/\/schema.org\/OfflineEventAttendanceMode","startDate":"2025-05-10T06:00:00+02:00","endDate":"2025-05-11T05:59:59+02:00","location":{"@type":"Place","name":"Platz der Alten Synagoge","description":"","url":"","address":{"@type":"PostalAddress","addressLocality":"Freiburg"},"telephone":"","sameAs":""},"performer":"Organization"}}